{"id":992,"date":"2022-12-02T01:36:05","date_gmt":"2022-12-02T01:36:05","guid":{"rendered":"https:\/\/xn--elrincndemargi-qob.com\/?p=992"},"modified":"2023-10-22T20:42:22","modified_gmt":"2023-10-22T20:42:22","slug":"tengo-prejuicios-sobre-el-suicidio-que-deberia-de-hacer","status":"publish","type":"post","link":"https:\/\/xn--elrincndemargi-qob.com\/index.php\/2022\/12\/02\/tengo-prejuicios-sobre-el-suicidio-que-deberia-de-hacer\/","title":{"rendered":"Tengo prejuicios sobre el suicidio \u00bfQu\u00e9 deber\u00eda de hacer?"},"content":{"rendered":"\t\t<div data-elementor-type=\"wp-post\" data-elementor-id=\"992\" class=\"elementor elementor-992\">\n\t\t\t\t\t\t<section class=\"elementor-section elementor-top-section elementor-element elementor-element-f3a2ebb elementor-section-boxed elementor-section-height-default elementor-section-height-default\" data-id=\"f3a2ebb\" data-element_type=\"section\" data-e-type=\"section\">\n\t\t\t\t\t\t<div class=\"elementor-container elementor-column-gap-default\">\n\t\t\t\t\t<div class=\"elementor-column elementor-col-100 elementor-top-column elementor-element elementor-element-1f32f7f\" data-id=\"1f32f7f\" data-element_type=\"column\" data-e-type=\"column\">\n\t\t\t<div class=\"elementor-widget-wrap elementor-element-populated\">\n\t\t\t\t\t\t<div class=\"elementor-element elementor-element-437b344 elementor-widget elementor-widget-heading\" data-id=\"437b344\" data-element_type=\"widget\" data-e-type=\"widget\" data-widget_type=\"heading.default\">\n\t\t\t\t<div class=\"elementor-widget-container\">\n\t\t\t\t\t<h2 class=\"elementor-heading-title elementor-size-large\">\u00bfQu\u00e9 son los prejuicios?<\/h2>\t\t\t\t<\/div>\n\t\t\t\t<\/div>\n\t\t\t\t<div class=\"elementor-element elementor-element-ca94aac elementor-widget elementor-widget-text-editor\" data-id=\"ca94aac\" data-element_type=\"widget\" data-e-type=\"widget\" data-widget_type=\"text-editor.default\">\n\t\t\t\t<div class=\"elementor-widget-container\">\n\t\t\t\t\t\t\t\t\t<p><span style=\"font-weight: 400;\">El prejuicio es una manifestaci\u00f3n de la superficialidad humana, y es que nos guste o no, todos somos superficiales hasta cierto punto, nos dejamos llevar por las apariencias y primeras impresiones que tenemos sobre las cosas que nos encontramos en nuestro d\u00eda a d\u00eda. Para comprender mejor la influencia que dicho fen\u00f3meno tiene en nosotros, vale la pena analizar el mecanismo mediante el cual concebimos el prejuicio y reaccionamos ante este:\u00a0<\/span><\/p><p><span style=\"font-weight: 400;\">Para empezar partimos de nuestro sistema de creencias, pero \u00bfQu\u00e9 es un sistema de creencias? Se trata de una red de ideas preestablecidas, las cuales componen nuestra mentalidad, cabe mencionar que existen dos tipos de sistemas de creencias: El individual, y el colectivo.<\/span><\/p><p><span style=\"font-weight: 400;\">Comencemos por el sistema de creencias individual, este es un conjunto de ideas determinadas que provienen del sujeto, es decir, son creencias personales, conclusiones alcanzadas de forma individual; por el contrario, el sistema de creencias colectivo, es aquel que proviene de un conjunto de personas, o de una sociedad, por lo tanto son conclusiones compartidas, ideas transmitidas y aprendidas de un individuo a otro.\u00a0<\/span><\/p><p><span style=\"font-weight: 400;\">Tanto en los sistemas de creencias individuales como colectivos puede darse un fen\u00f3meno llamado <\/span><i><span style=\"font-weight: 400;\">prejuicio, <\/span><\/i><span style=\"font-weight: 400;\">el prejuicio es una de las ideas de nuestro sistema de creencias, la cual es superficial y banal, puesto que no analiza, y no pretende profundizar en aquello a lo cual se refiere, ya que no le interesa entenderlo. En palabras m\u00e1s sencillas, tener un prejuicio, es juzgar sin antes conocer.<\/span><\/p>\t\t\t\t\t\t\t\t<\/div>\n\t\t\t\t<\/div>\n\t\t\t\t<div class=\"elementor-element elementor-element-4aa5992 elementor-widget elementor-widget-heading\" data-id=\"4aa5992\" data-element_type=\"widget\" data-e-type=\"widget\" data-widget_type=\"heading.default\">\n\t\t\t\t<div class=\"elementor-widget-container\">\n\t\t\t\t\t<h2 class=\"elementor-heading-title elementor-size-large\">\u00bfC\u00f3mo reaccionamos a los prejuicios? <\/h2>\t\t\t\t<\/div>\n\t\t\t\t<\/div>\n\t\t\t\t<div class=\"elementor-element elementor-element-9ae9601 elementor-widget elementor-widget-text-editor\" data-id=\"9ae9601\" data-element_type=\"widget\" data-e-type=\"widget\" data-widget_type=\"text-editor.default\">\n\t\t\t\t<div class=\"elementor-widget-container\">\n\t\t\t\t\t\t\t\t\t<p><span style=\"font-weight: 400;\">Anteriormente mencion\u00e9 que todos somos superficiales, y si todos somos superficiales, entonces todos tenemos nuestros prejuicios, y si es tan normal \u00bfCu\u00e1l es el problema de tenerlos? Bueno, ya que normal no es sin\u00f3nimo de positivo, la respuesta a esa pregunta es que el prejuicio nos conduce a la ignorancia y a actuar de formas en las que normalmente no actuar\u00edamos de tener conocimiento, lo cual no suele resultar muy bien.<\/span><\/p><p><span style=\"font-weight: 400;\">Hay que considerar que tener prejuicios limita nuestra capacidad de ver la realidad, es como tener una manzana, pero verla como una naranja, tal percepci\u00f3n se vuelve un problema porque implica la confusi\u00f3n de dos frutas que son completamente diferentes en todas sus caracter\u00edsticas: Apariencia, textura, olor, y sabor.\u00a0<\/span><\/p><p><span style=\"font-weight: 400;\">Claro que los prejuicios pueden causar problemas mucho m\u00e1s grandes que el de la confusi\u00f3n de dos frutas, ya que los prejuicios pueden ser ideas acerca de temas m\u00e1s serios y\/o sensibles, capaces de llevarnos a actuar de formas m\u00e1s problem\u00e1ticas que nos afecten negativamente a nosotros mismos, o en los peores casos, a las dem\u00e1s personas.\u00a0<\/span><\/p>\t\t\t\t\t\t\t\t<\/div>\n\t\t\t\t<\/div>\n\t\t\t\t<div class=\"elementor-element elementor-element-8305fe1 elementor-widget elementor-widget-heading\" data-id=\"8305fe1\" data-element_type=\"widget\" data-e-type=\"widget\" data-widget_type=\"heading.default\">\n\t\t\t\t<div class=\"elementor-widget-container\">\n\t\t\t\t\t<h2 class=\"elementor-heading-title elementor-size-large\">El peligro de los prejuicios sobre el suicidio:<\/h2>\t\t\t\t<\/div>\n\t\t\t\t<\/div>\n\t\t\t\t<div class=\"elementor-element elementor-element-ec6b34e elementor-widget elementor-widget-text-editor\" data-id=\"ec6b34e\" data-element_type=\"widget\" data-e-type=\"widget\" data-widget_type=\"text-editor.default\">\n\t\t\t\t<div class=\"elementor-widget-container\">\n\t\t\t\t\t\t\t\t\t<p><span style=\"font-weight: 400;\">Ya que los prejuicios son producto de un sistema de creencias colectivo o individual, dichos prejuicios pueden abordar pr\u00e1cticamente cualquier tema existente, es decir, podemos tener prejuicios sobre cualquier cosa, y una de esas cosas es el suicidio. Ejemplos de tales prejuicios ser\u00eda ver a un suicida y tener pensamientos como: S\u00f3lo quiere llamar la atenci\u00f3n, es una persona d\u00e9bil, cobarde, o exagerada, entre muchas otras. Y c\u00f3mo con todos los dem\u00e1s prejuicios, tener esta clase de pensamientos nos a\u00edslan en la sombra de la ignorancia, priv\u00e1ndonos de ver la realidad.<\/span><\/p><p><span style=\"font-weight: 400;\">Te preguntar\u00e1s \u00bfCu\u00e1l es el riesgo de ser ignorantes en este tema? En entradas previas he mencionado que el conocer la causa de un problema puede ser la llave que abra la puerta a su soluci\u00f3n, entonces si aplicamos esa l\u00f3gica, el saber por qu\u00e9 una persona se quiere suicidar, puede ser esencial para descifrar la mejor manera de ayudarle a continuar con su vida.<\/span><\/p><p><span style=\"font-weight: 400;\">Por lo tanto, el vivir en la ignorancia por prejuicios que tenemos acerca del suicidio, resultar\u00e1 en un impedimento para serle de ayuda a ese ser querido que presenta pensamientos o conductas suicidas, ya que no podremos saber c\u00f3mo ayudarle, lo cual podr\u00eda llevar a la persona suicida a tener que superar aquello por lo que est\u00e1 pasando completamente sola, sin ayuda de nadie; o en el peor de los casos, a no poder superarlo por su cuenta y cometer suicidio s\u00f3lo porque nuestra mentalidad estaba indispuesta a ser de ayuda.<\/span><\/p>\t\t\t\t\t\t\t\t<\/div>\n\t\t\t\t<\/div>\n\t\t\t\t<div class=\"elementor-element elementor-element-5556fa5 elementor-widget elementor-widget-heading\" data-id=\"5556fa5\" data-element_type=\"widget\" data-e-type=\"widget\" data-widget_type=\"heading.default\">\n\t\t\t\t<div class=\"elementor-widget-container\">\n\t\t\t\t\t<h2 class=\"elementor-heading-title elementor-size-large\">\u00bfC\u00f3mo superar el prejuicio colectivo sobre el suicidio?:<\/h2>\t\t\t\t<\/div>\n\t\t\t\t<\/div>\n\t\t\t\t<div class=\"elementor-element elementor-element-b132b33 elementor-widget elementor-widget-text-editor\" data-id=\"b132b33\" data-element_type=\"widget\" data-e-type=\"widget\" data-widget_type=\"text-editor.default\">\n\t\t\t\t<div class=\"elementor-widget-container\">\n\t\t\t\t\t\t\t\t\t<p><span style=\"font-weight: 400;\">Ya tenemos claro qu\u00e9 es un prejuicio, c\u00f3mo afecta negativamente nuestra actuar y por qu\u00e9 implica un riesgo el tener prejuicios sobre el suicidio, pero \u00bfC\u00f3mo superamos tales prejuicios? \u00bfC\u00f3mo nos desapegamos de esas ideas tan enraizadas en nuestro sistema de creencias que confundimos con la realidad?<\/span><\/p><p><span style=\"font-weight: 400;\">Bueno, lo primero que tenemos que hacer, es reflexionar \u00bfDe d\u00f3nde vienen estas formas de pensar? \u00bfEs algo que alguien me inculc\u00f3 en alg\u00fan momento de mi vida? \u00bfDe qu\u00e9 lugar lo aprend\u00ed? \u00bfDesde hace cuanto lo pienso? T\u00f3mate tu tiempo para responder a estas preguntas, ya que implica recurrir a muchos recuerdos y analizarlos a profundidad, y si logras descubrir que en todos estos prejuicios hubo influencias externas a tu persona, entonces estamos hablando de un prejuicio colectivo.<\/span><\/p><p><span style=\"font-weight: 400;\">\u00bfEsto qu\u00e9 significa? Que lo aprendiste de la sociedad, pero viendo el lado positivo, podemos concluir que no eres la \u00fanica persona que es afectada por esto, no est\u00e1s solo(a), hay m\u00e1s personas c\u00f3mo t\u00fa all\u00e1 afuera que han sido contagiadas con estos prejuicios err\u00f3neos sobre el suicidio, lo importante es que te diste cuenta de que lo que pensabas era un prejuicio, y no era cierto, as\u00ed que a partir de ahora puedes elegir tener creencias no superficiales que te facilitar\u00e1n ayudar a ese ser querido que es suicida.<\/span><\/p><p><span style=\"font-weight: 400;\">Y si as\u00ed lo deseas, incluso puedes crear un efecto domin\u00f3, en el que ayudes a otras personas a desprenderse tambi\u00e9n de estos mismos prejuicios, con lo que cada vez m\u00e1s personas potencializar\u00e1n sus capacidades de ayudar a suicidas, promoviendo as\u00ed el cambio y trabajando de forma colectiva por la generaci\u00f3n de una sociedad donde m\u00e1s personas dejen de ser suicidas y puedan seguir adelante con sus vidas.\u00a0 <\/span><\/p>\t\t\t\t\t\t\t\t<\/div>\n\t\t\t\t<\/div>\n\t\t\t\t<div class=\"elementor-element elementor-element-bd96f65 elementor-widget elementor-widget-heading\" data-id=\"bd96f65\" data-element_type=\"widget\" data-e-type=\"widget\" data-widget_type=\"heading.default\">\n\t\t\t\t<div class=\"elementor-widget-container\">\n\t\t\t\t\t<h2 class=\"elementor-heading-title elementor-size-large\">\u00bfC\u00f3mo superar el prejuicio individual sobre el suicidio?:<\/h2>\t\t\t\t<\/div>\n\t\t\t\t<\/div>\n\t\t\t\t<div class=\"elementor-element elementor-element-962b688 elementor-widget elementor-widget-text-editor\" data-id=\"962b688\" data-element_type=\"widget\" data-e-type=\"widget\" data-widget_type=\"text-editor.default\">\n\t\t\t\t<div class=\"elementor-widget-container\">\n\t\t\t\t\t\t\t\t\t<p><span style=\"font-weight: 400;\">Por el contrario, si te diste cuenta de que tal vez esas ideas que tienes sobre el suicidio, no las aprendiste de la socidad, sino que tal vez son creencias que t\u00fa mismo(a) formulaste, no te preocupes, tambi\u00e9n se pueden corregir, tendr\u00e1s que hacer un proceso de introspecci\u00f3n para darte cuenta de porqu\u00e9 piensas eso, preg\u00fantate \u00bfDesde hace cu\u00e1ndo comenc\u00e9 a pensar as\u00ed? \u00bfCu\u00e1les eran los argumentos con los que justificaba esa mentalidad? y sobre todo \u00bfDe verdad lo pienso? \u00bfAhora lo sigo pensando?\u00a0<\/span><\/p><p><span style=\"font-weight: 400;\">Si reflexionas lo suficiente podr\u00e1s ser consciente de c\u00f3mo esos prejuicios eran creencias equivocadas, y que a partir de ahora puedes hacer de lado esta superficialidad para profundizar en el tema, comprenderlo mejor, y formular nuevas formas de pensar para tu sistema de creencias.\u00a0<\/span><\/p>\t\t\t\t\t\t\t\t<\/div>\n\t\t\t\t<\/div>\n\t\t\t\t<div class=\"elementor-element elementor-element-2a499e4 elementor-widget elementor-widget-heading\" data-id=\"2a499e4\" data-element_type=\"widget\" data-e-type=\"widget\" data-widget_type=\"heading.default\">\n\t\t\t\t<div class=\"elementor-widget-container\">\n\t\t\t\t\t<h2 class=\"elementor-heading-title elementor-size-large\">Conclusi\u00f3n:<\/h2>\t\t\t\t<\/div>\n\t\t\t\t<\/div>\n\t\t\t\t<div class=\"elementor-element elementor-element-fd70241 elementor-widget elementor-widget-text-editor\" data-id=\"fd70241\" data-element_type=\"widget\" data-e-type=\"widget\" data-widget_type=\"text-editor.default\">\n\t\t\t\t<div class=\"elementor-widget-container\">\n\t\t\t\t\t\t\t\t\t<p><span style=\"font-weight: 400;\">Todos dicen que el suicidio es un tema complicado y complejo, pero puede ser m\u00e1s simple de lo que parece, ya que parte de una \u00fanica motivaci\u00f3n: El ya no querer vivir, desafortunadamente, tenemos prejuicios sobre este fen\u00f3meno y las personas que lo sufren, adoptamos ideas preconcebidas que nosotros mismos nos inventamos o que aprendimos de otros; sin embargo, podemos comenzar a profundizar en lo que vemos, no quedarnos s\u00f3lo con la superficie, con la distorsi\u00f3n de la realidad, con la idea de que la manzana en realidad es una naranja, y una vez que lo hagamos, podremos entender las motivaciones que hay detr\u00e1s del suicidio, y c\u00f3mo ayudar a otras personas para evitar que cometan el peor error de sus vidas.\u00a0<\/span><\/p>\t\t\t\t\t\t\t\t<\/div>\n\t\t\t\t<\/div>\n\t\t\t\t\t<\/div>\n\t\t<\/div>\n\t\t\t\t\t<\/div>\n\t\t<\/section>\n\t\t\t\t<\/div>\n\t\t","protected":false},"excerpt":{"rendered":"<p>\u00bfQu\u00e9 son los prejuicios? El prejuicio es una manifestaci\u00f3n de la superficialidad humana, y es que nos guste o no, todos somos superficiales hasta cierto punto, nos dejamos llevar por las apariencias y primeras impresiones que tenemos sobre las cosas que nos encontramos en nuestro d\u00eda a d\u00eda. Para comprender mejor la influencia que dicho [&hellip;]<\/p>\n","protected":false},"author":1,"featured_media":993,"comment_status":"open","ping_status":"open","sticky":false,"template":"","format":"standard","meta":{"om_disable_all_campaigns":false,"_monsterinsights_skip_tracking":false,"_monsterinsights_sitenote_active":false,"_monsterinsights_sitenote_note":"","_monsterinsights_sitenote_category":0,"footnotes":""},"categories":[6],"tags":[],"class_list":["post-992","post","type-post","status-publish","format-standard","has-post-thumbnail","hentry","category-como-ayudar-a-un-suicida"],"aioseo_notices":[],"_links":{"self":[{"href":"https:\/\/xn--elrincndemargi-qob.com\/index.php\/wp-json\/wp\/v2\/posts\/992","targetHints":{"allow":["GET"]}}],"collection":[{"href":"https:\/\/xn--elrincndemargi-qob.com\/index.php\/wp-json\/wp\/v2\/posts"}],"about":[{"href":"https:\/\/xn--elrincndemargi-qob.com\/index.php\/wp-json\/wp\/v2\/types\/post"}],"author":[{"embeddable":true,"href":"https:\/\/xn--elrincndemargi-qob.com\/index.php\/wp-json\/wp\/v2\/users\/1"}],"replies":[{"embeddable":true,"href":"https:\/\/xn--elrincndemargi-qob.com\/index.php\/wp-json\/wp\/v2\/comments?post=992"}],"version-history":[{"count":10,"href":"https:\/\/xn--elrincndemargi-qob.com\/index.php\/wp-json\/wp\/v2\/posts\/992\/revisions"}],"predecessor-version":[{"id":1601,"href":"https:\/\/xn--elrincndemargi-qob.com\/index.php\/wp-json\/wp\/v2\/posts\/992\/revisions\/1601"}],"wp:featuredmedia":[{"embeddable":true,"href":"https:\/\/xn--elrincndemargi-qob.com\/index.php\/wp-json\/wp\/v2\/media\/993"}],"wp:attachment":[{"href":"https:\/\/xn--elrincndemargi-qob.com\/index.php\/wp-json\/wp\/v2\/media?parent=992"}],"wp:term":[{"taxonomy":"category","embeddable":true,"href":"https:\/\/xn--elrincndemargi-qob.com\/index.php\/wp-json\/wp\/v2\/categories?post=992"},{"taxonomy":"post_tag","embeddable":true,"href":"https:\/\/xn--elrincndemargi-qob.com\/index.php\/wp-json\/wp\/v2\/tags?post=992"}],"curies":[{"name":"wp","href":"https:\/\/api.w.org\/{rel}","templated":true}]}}