{"id":820,"date":"2022-11-18T01:53:31","date_gmt":"2022-11-18T01:53:31","guid":{"rendered":"https:\/\/xn--elrincndemargi-qob.com\/?p=820"},"modified":"2023-10-22T20:35:41","modified_gmt":"2023-10-22T20:35:41","slug":"crees-que-no-vales-lo-suficiente-para-vivir","status":"publish","type":"post","link":"https:\/\/xn--elrincndemargi-qob.com\/index.php\/2022\/11\/18\/crees-que-no-vales-lo-suficiente-para-vivir\/","title":{"rendered":"\u00bfCrees que no vales lo suficiente para vivir?"},"content":{"rendered":"\t\t<div data-elementor-type=\"wp-post\" data-elementor-id=\"820\" class=\"elementor elementor-820\">\n\t\t\t\t\t\t<section class=\"elementor-section elementor-top-section elementor-element elementor-element-4d77fe5 elementor-section-boxed elementor-section-height-default elementor-section-height-default\" data-id=\"4d77fe5\" data-element_type=\"section\" data-e-type=\"section\">\n\t\t\t\t\t\t<div class=\"elementor-container elementor-column-gap-default\">\n\t\t\t\t\t<div class=\"elementor-column elementor-col-100 elementor-top-column elementor-element elementor-element-cc34fcf\" data-id=\"cc34fcf\" data-element_type=\"column\" data-e-type=\"column\">\n\t\t\t<div class=\"elementor-widget-wrap elementor-element-populated\">\n\t\t\t\t\t\t<div class=\"elementor-element elementor-element-55a1f83 elementor-widget elementor-widget-text-editor\" data-id=\"55a1f83\" data-element_type=\"widget\" data-e-type=\"widget\" data-widget_type=\"text-editor.default\">\n\t\t\t\t<div class=\"elementor-widget-container\">\n\t\t\t\t\t\t\t\t\t<p><i><span style=\"font-weight: 400;\">Cada vez que alguien se suicida,<\/span><\/i><\/p><p><i><span style=\"font-weight: 400;\">una estrella en el cielo se torna gris y se apaga,<\/span><\/i><\/p><p><i><span style=\"font-weight: 400;\">su constelaci\u00f3n del firmamento se ve esfumada,<\/span><\/i><\/p><p><i><span style=\"font-weight: 400;\">y las dem\u00e1s estrellas lloran l\u00e1grimas que nadie enjuaga,<\/span><\/i><\/p><p><i><span style=\"font-weight: 400;\">mientras en el cielo la oscuridad es esparcida.<\/span><\/i><\/p>\t\t\t\t\t\t\t\t<\/div>\n\t\t\t\t<\/div>\n\t\t\t\t\t<\/div>\n\t\t<\/div>\n\t\t\t\t\t<\/div>\n\t\t<\/section>\n\t\t\t\t<section class=\"elementor-section elementor-top-section elementor-element elementor-element-5135812 elementor-section-boxed elementor-section-height-default elementor-section-height-default\" data-id=\"5135812\" data-element_type=\"section\" data-e-type=\"section\">\n\t\t\t\t\t\t<div class=\"elementor-container elementor-column-gap-default\">\n\t\t\t\t\t<div class=\"elementor-column elementor-col-100 elementor-top-column elementor-element elementor-element-5247c1b\" data-id=\"5247c1b\" data-element_type=\"column\" data-e-type=\"column\">\n\t\t\t<div class=\"elementor-widget-wrap elementor-element-populated\">\n\t\t\t\t\t\t<div class=\"elementor-element elementor-element-b8a1d70 elementor-widget elementor-widget-text-editor\" data-id=\"b8a1d70\" data-element_type=\"widget\" data-e-type=\"widget\" data-widget_type=\"text-editor.default\">\n\t\t\t\t<div class=\"elementor-widget-container\">\n\t\t\t\t\t\t\t\t\t<p><span style=\"font-weight: 400;\">Para hacer cualquier cosa en esta vida se necesita tener algo de fe primero, pues la fe es el combustible que nos hace funcionar como ser humanos en nuestro d\u00eda a d\u00eda, la fe act\u00faa como la motivaci\u00f3n que nos lleva del pensamiento al acto, pero \u00bfQu\u00e9 pasa cuando perdemos la fe? \u00bfQu\u00e9 pasa cuando los dulces pensamientos que inspiran nuestros actos pierden su color y se vuelven sombr\u00edos y amargos?\u00a0<\/span><\/p><p><span style=\"font-weight: 400;\">Ese momento marca la hora de la muerte de nuestra fe, y cuando este catastr\u00f3fico evento ocurre y la perdemos, tambi\u00e9n perdemos todas nuestras motivaciones, se nos acaba el combustible que alimentaba nuestro actuar, y no nos queda m\u00e1s que vac\u00edo, somos arrastrados por la melancol\u00eda y la monoton\u00eda, y de pronto un d\u00eda sentimos que hace ya bastante tiempo que hemos muerto por dentro. Si te identificaste con lo que acabas de leer, es probable que ya no tengas fe en nada, quiz\u00e1s ya no ves valor en las peque\u00f1as acciones de tu rutina, ni en la simple rutina en s\u00ed, tal vez est\u00e1s tan desesperado o desesperada que lo \u00fanico que deseas en este momento es morir.\u00a0<\/span><\/p><p><span style=\"font-weight: 400;\">La fe es de suma importancia, y a veces la damos por hecho de forma err\u00f3nea cuando la realidad es que su presencia puede ser una variable en la gran constante de la vida, por lo qu\u00e9 plantear\u00e9 las siguientes cuestiones: \u00bfQu\u00e9 pasa cuando dicha variable no est\u00e1? \u00bfCu\u00e1ndo muere tu fe? \u00bfSi ya no tienes fe en ti, qu\u00e9 es lo que te queda? Porque una cosa es perder la fe en los dem\u00e1s, o en el mundo, pero si pierdes la fe en ti, es como si perdieras la fe en la vida, implica que ya no haya motivaci\u00f3n para hacer nada y que todo se convierta en una tortura.\u00a0<\/span><\/p><p><span style=\"font-weight: 400;\">Quiero aclarar que no te estoy haciendo leer esto solo para tratar de explicarte lo que t\u00fa ya sientes, sino para intentar ayudarte a qu\u00e9 dejes de sentirte as\u00ed, y el primer paso que tienes que dar para conseguirlo es recordar \u00bfPor qu\u00e9 quieres tu fe de vuelta? Sabemos que sin ella no hay motivaci\u00f3n ni productividad en nuestras vidas, pero \u00bfQu\u00e9 cosas esperas conseguir una vez que vuelvas a tener fe en ti mismo(a)? S\u00e9 que ahora mismo sientes desesperaci\u00f3n y te quieres morir, pero te pido que hagas el esfuerzo de recordar alg\u00fan momento de tu vida en el que no te sent\u00edas as\u00ed, lo primero que recuerdes.<\/span><\/p><p><span style=\"font-weight: 400;\">Trata de pensar cosas c\u00f3mo \u00bfCu\u00e1les eran tus sue\u00f1os en la vida? \u00bfQu\u00e9 metas ten\u00edas? \u00bfQu\u00e9 cosas o qu\u00e9 personas te hac\u00edan sonre\u00edr todos los d\u00edas? \u00bfCu\u00e1l era el combustible en tu d\u00eda a d\u00eda? \u00bfDe d\u00f3nde proven\u00eda tu fe? Debes recordar estas cosas, por m\u00e1s doloroso que sea ahora mismo cuando sientes que nada de eso volver\u00e1 jam\u00e1s, porque una vez que las recuerdes, sabr\u00e1s por qu\u00e9 debes volver a tener fe en ti mismo(a) otra vez.<\/span><\/p><p><span style=\"font-weight: 400;\">Recuerda que la fe en uno mismo es lo que marca la diferencia entre el para\u00edso y el abismo, tanto dentro de nuestras propias cabezas, como en el mundo real. \u00bfA qu\u00e9 me refiero con esto? Una cosa es c\u00f3mo te tratas t\u00fa a ti mismo(a), y otra muy diferente como te tratan las personas que te rodean, a veces resulta que hay una relaci\u00f3n de causa y efecto entre ambas:<\/span><\/p><p><span style=\"font-weight: 400;\">\u00a0Dicen que si esperamos algo de otras personas, comencemos por dar el ejemplo antes, y es verdad, no podemos quejarnos de que otras personas no nos valoren o tengan fe en nosotros, si nosotros mismos no empezamos a hacerlo, si quieres que te traten diferente, que te traten mejor, empieza por ser m\u00e1s amable contigo.\u00a0<\/span><\/p><p><span style=\"font-weight: 400;\">Sin embargo, esto no ocurre siempre, pues hay ocasiones en las que son otras personas las que tienen fe en ti cuando t\u00fa no la tienes, y si el hecho de que tengas fe en ti mismo(a) puede inspirar a otros a tener fe en ti, \u00bfNo crees que este fen\u00f3meno causa-efecto tambi\u00e9n se podr\u00eda dar a la inversa?<\/span><\/p><p><span style=\"font-weight: 400;\">\u00bfNo crees que si otras personas a tu alrededor te aman, te aprecian y tienen fe en ti, t\u00fa podr\u00edas comenzar a sentir lo mismo hacia tu propia persona? Hay algo que debes saber, y eso es que la depresi\u00f3n tiende a cegar a las personas, es c\u00f3mo ponerle un filtro a blanco y negro a una c\u00e1mara, todo lo que capture la c\u00e1mara con el filtro pondr\u00e1 una paleta monocrom\u00e1tica en las fotos o v\u00eddeos, lo mismo ocurre con la depresi\u00f3n, si te sientes deprimido(a) ahora mismo es posible que todo lo veas con un filtro a blanco y negro que no te permite ver los verdaderos colores, que te impide notar todo lo bueno que otras personas sienten por ti.<\/span><\/p><p><span style=\"font-weight: 400;\">O tal vez piensas que no has perdido la fe en ti mismo(a), sino en tus circunstancias, tal vez esos problemas parecen demasiado complicados, la vida se vuelve sofocante como si una serpiente se enroscara en tu cuerpo dificultando tu respiraci\u00f3n, bueno, te tengo malas noticias: Si perdiste la fe en la vida por tus circunstancias, tambi\u00e9n perdiste la fe en ti mismo(a), \u00bfY eso porqu\u00e9? Te preguntar\u00e1s si son dos cosas totalmente distintas, bueno, porque si perdiste la fe por tus circunstancias externas eso significa que no te crees capaz para superarlas, por lo tanto, tampoco tienes fe en ti.\u00a0<\/span><\/p><p><span style=\"font-weight: 400;\">Nadie es especial, pues todos compartimos el mismo caos, la cualidad de ser imperfectos, de tener vidas imperfectas, estar llenos de problemas, sin embargo, a\u00fan con todas esas similitudes, todos somos especiales de alguna forma, y tenemos prop\u00f3sitos que cumplir en este mundo. No somos para nada especiales por nuestras vidas imperfectas, pero no deber\u00edamos decir que odiamos nuestras vidas si podemos decidir la direcci\u00f3n que tomamos, por m\u00e1s dif\u00edciles que sean los obst\u00e1culos, si no puedes establecer una direcci\u00f3n, \u00f3diala todo lo que quieras, pero no te quedes sin hacer nada al respecto ni hagas algo como terminarla antes de que pueda comenzar tu momento de gloria.\u00a0<\/span><\/p><p><span style=\"font-weight: 400;\">Recupera la fe en tus circunstancias, en la vida que te toc\u00f3, pero lo m\u00e1s importante en ti, \u00bfRecordaste los sue\u00f1os que ten\u00edas cuando a\u00fan ten\u00edas tu fe, no? As\u00ed que no me digas que no tienes ning\u00fan motivo para vivir, porque estos te sobran, es s\u00f3lo que te ha cegado la tristeza para que los veas, por lo que debes intentar apagar ese filtro a blanco y negro con el que ves las cosas, y comenzar a ver tu realidad de un modo m\u00e1s objetivo y menos pesimista,\u00a0<\/span><\/p><p><span style=\"font-weight: 400;\">\u00bfDe verdad crees que a nadie le importas, qu\u00e9 nadie tiene fe en ti, qu\u00e9 nadie te quiere con vida? Me gustar\u00eda pensar que la respuesta a esos cuestionamientos es un no, porque t\u00fa si importas, d\u00e9jame decirte que me importas, y quiero que vivas y seas feliz, no que mueras, y si yo siento eso por ti que no te conozco, imag\u00ednate c\u00f3mo se sienten las personas que tienen la gran fortuna de conocerte.\u00a0<\/span><\/p><p><span style=\"font-weight: 400;\">\u00bfEn serio crees que tus problemas no tienen soluci\u00f3n? \u00bfEst\u00e1s convencido(a) de qu\u00e9 no eres capaz, o no eres suficiente para resolverlos con todas las capacidades con las que la vida te dot\u00f3? \u00bfCrees que no mereces tener tu fe de vuelta y volver a sentirte con vida una vez m\u00e1s? De nuevo espero que la respuesta sea un no, espero que t\u00fa no creas eso.\u00a0<\/span><\/p><p><span style=\"font-weight: 400;\">As\u00ed que por favor recupera la fe en ti mismo(a), no dejes que este filtro a blanco y negro de tu c\u00e1mara te impida ver todos los colores que hay en tu vida, todas las razones que tienes para quedarte aqu\u00ed, ese combustible, esa motivaci\u00f3n que te ayudaba a levantarte todos los d\u00edas a vivir que te ha abandonado, se puede recuperar no olvides que es una constante, tal vez algunos d\u00edas, est\u00e9, tal vez otros no, pero si te estiras lo suficiente para alcanzarla estoy segura de que puedes traerla de vuelta hacia ti y mantenerla pegada en tu pecho por el mayor tiempo posible.\u00a0<\/span><\/p><p><span style=\"font-weight: 400;\">Yo creo firmemente que mereces tu fe de vuelta porque vales lo suficiente para seguir con vida, creo que tienes muchos sue\u00f1os pendientes que te est\u00e1n esperando, y creo que hay quienes te necesitan a su lado, as\u00ed que no te puedes ir, no te abandones a ti y a quienes amas, siempre recuerda, que el suicidio no es una opci\u00f3n para ti. <\/span><\/p>\t\t\t\t\t\t\t\t<\/div>\n\t\t\t\t<\/div>\n\t\t\t\t\t<\/div>\n\t\t<\/div>\n\t\t\t\t\t<\/div>\n\t\t<\/section>\n\t\t\t\t<\/div>\n\t\t","protected":false},"excerpt":{"rendered":"<p>Cada vez que alguien se suicida, una estrella en el cielo se torna gris y se apaga, su constelaci\u00f3n del firmamento se ve esfumada, y las dem\u00e1s estrellas lloran l\u00e1grimas que nadie enjuaga, mientras en el cielo la oscuridad es esparcida. Para hacer cualquier cosa en esta vida se necesita tener algo de fe primero, [&hellip;]<\/p>\n","protected":false},"author":1,"featured_media":828,"comment_status":"open","ping_status":"open","sticky":false,"template":"","format":"standard","meta":{"om_disable_all_campaigns":false,"_monsterinsights_skip_tracking":false,"_monsterinsights_sitenote_active":false,"_monsterinsights_sitenote_note":"","_monsterinsights_sitenote_category":0,"footnotes":""},"categories":[11],"tags":[],"class_list":["post-820","post","type-post","status-publish","format-standard","has-post-thumbnail","hentry","category-ayuda-para-personas-suicidas"],"aioseo_notices":[],"_links":{"self":[{"href":"https:\/\/xn--elrincndemargi-qob.com\/index.php\/wp-json\/wp\/v2\/posts\/820","targetHints":{"allow":["GET"]}}],"collection":[{"href":"https:\/\/xn--elrincndemargi-qob.com\/index.php\/wp-json\/wp\/v2\/posts"}],"about":[{"href":"https:\/\/xn--elrincndemargi-qob.com\/index.php\/wp-json\/wp\/v2\/types\/post"}],"author":[{"embeddable":true,"href":"https:\/\/xn--elrincndemargi-qob.com\/index.php\/wp-json\/wp\/v2\/users\/1"}],"replies":[{"embeddable":true,"href":"https:\/\/xn--elrincndemargi-qob.com\/index.php\/wp-json\/wp\/v2\/comments?post=820"}],"version-history":[{"count":18,"href":"https:\/\/xn--elrincndemargi-qob.com\/index.php\/wp-json\/wp\/v2\/posts\/820\/revisions"}],"predecessor-version":[{"id":1571,"href":"https:\/\/xn--elrincndemargi-qob.com\/index.php\/wp-json\/wp\/v2\/posts\/820\/revisions\/1571"}],"wp:featuredmedia":[{"embeddable":true,"href":"https:\/\/xn--elrincndemargi-qob.com\/index.php\/wp-json\/wp\/v2\/media\/828"}],"wp:attachment":[{"href":"https:\/\/xn--elrincndemargi-qob.com\/index.php\/wp-json\/wp\/v2\/media?parent=820"}],"wp:term":[{"taxonomy":"category","embeddable":true,"href":"https:\/\/xn--elrincndemargi-qob.com\/index.php\/wp-json\/wp\/v2\/categories?post=820"},{"taxonomy":"post_tag","embeddable":true,"href":"https:\/\/xn--elrincndemargi-qob.com\/index.php\/wp-json\/wp\/v2\/tags?post=820"}],"curies":[{"name":"wp","href":"https:\/\/api.w.org\/{rel}","templated":true}]}}