{"id":315,"date":"2022-10-30T19:48:19","date_gmt":"2022-10-30T19:48:19","guid":{"rendered":"https:\/\/xn--elrincndemargi-qob.com\/?p=315"},"modified":"2023-10-22T20:30:28","modified_gmt":"2023-10-22T20:30:28","slug":"por-que-los-suicidas-no-piden-ayuda-la-censura-de-un-suicida","status":"publish","type":"post","link":"https:\/\/xn--elrincndemargi-qob.com\/index.php\/2022\/10\/30\/por-que-los-suicidas-no-piden-ayuda-la-censura-de-un-suicida\/","title":{"rendered":"\u00bfPor qu\u00e9 los suicidas no piden ayuda? La censura de un suicida"},"content":{"rendered":"\t\t<div data-elementor-type=\"wp-post\" data-elementor-id=\"315\" class=\"elementor elementor-315\">\n\t\t\t\t\t\t<section class=\"elementor-section elementor-top-section elementor-element elementor-element-6ab8d39 elementor-section-boxed elementor-section-height-default elementor-section-height-default\" data-id=\"6ab8d39\" data-element_type=\"section\" data-e-type=\"section\">\n\t\t\t\t\t\t<div class=\"elementor-container elementor-column-gap-default\">\n\t\t\t\t\t<div class=\"elementor-column elementor-col-100 elementor-top-column elementor-element elementor-element-29d97a7\" data-id=\"29d97a7\" data-element_type=\"column\" data-e-type=\"column\">\n\t\t\t<div class=\"elementor-widget-wrap elementor-element-populated\">\n\t\t\t\t\t\t<div class=\"elementor-element elementor-element-108f3b7 elementor-widget elementor-widget-text-editor\" data-id=\"108f3b7\" data-element_type=\"widget\" data-e-type=\"widget\" data-widget_type=\"text-editor.default\">\n\t\t\t\t<div class=\"elementor-widget-container\">\n\t\t\t\t\t\t\t\t\t<p><span style=\"font-weight: 400;\">Ir\u00e9 directo al punto y simplemente lo dir\u00e9: la fotograf\u00eda de arriba est\u00e1 horrible, y siento de antemano que la hayas tenido que ver, pero era necesaria para explicar lo que ocurre detr\u00e1s del deseo suicida, y las motivaciones para no pedir ayuda en momentos donde se tienen ganas de hacer cosas tan horribles como estas.<\/span><\/p><p><span style=\"font-weight: 400;\">Comenzar\u00e9 por describir lo que hay en la imagen: primero hay un trapo verde sobre el piso, el cual est\u00e1 en mal estado, tiene manchas de pintura, y hasta le falta un pedazo; luego est\u00e1 un brazo apoyado sobre el trapo, hay pintura roja encima, principalmente en la mu\u00f1eca, esta tambi\u00e9n chorre\u00f3 un poco sobre el trapo y el piso; hay unas tijeras naranjas formando una cruz sobre la mu\u00f1eca, estas tambi\u00e9n est\u00e1n manchadas de pintura; hay un peque\u00f1o frasco de pintura roja abierto, tirado a lado del brazo, y en el extremo opuesto est\u00e1 su tapa; y finalmente hay una iluminaci\u00f3n que indica que la foto fue tomada en la penumbra.<\/span><\/p><p><span style=\"font-weight: 400;\">Continuemos con un an\u00e1lisis de los signos: comenzando por el trapo, no es lo mismo que se hubiera colocado un trapo limpio y entero al manchado y roto como este que se coloc\u00f3, el hecho de que sea un trapo viejo representa desgaste, el cual hace alusi\u00f3n a lo desgastada que se siente la persona; la pintura roja derramada encima de la mu\u00f1eca representa la sangre; sabemos que es sangre por las tijeras encima de esta, que est\u00e1n abiertas como si se acabaran de utilizar, estas adem\u00e1s son de un naranja c\u00e1lido, tan c\u00e1lido como la promesa de dejar de sufrir, forman adem\u00e1s una cruz sobre la zona que cortaron; y la presencia del frasco abierto de la pintura y de su tapa indican que la sangre representada no es real, es solo pintura, adem\u00e1s de hablar de una persona tan melanc\u00f3lica que ni siquiera se molest\u00f3 en retirar el frasco vac\u00edo para tomar la foto; la iluminaci\u00f3n oscura indica una sensaci\u00f3n de desesperanza y de vac\u00edo. Toda la imagen en s\u00ed representa un suicidio.<\/span><\/p><p><span style=\"font-weight: 400;\">Es bastante obvio que la imagen habla del suicidio, pero \u00bfpor qu\u00e9 analizarla? Est\u00e1 es una fotograf\u00eda tomada por m\u00ed hace tan solo unos d\u00edas, no entrar\u00e9 en detalles sobre porqu\u00e9 me sent\u00eda as\u00ed, y simplemente me limitar\u00e9 a decir que me sent\u00eda muy mal, tom\u00e9 las tijeras una ma\u00f1ana queri\u00e9ndome cortar, queri\u00e9ndome morir, pero no pude dejar de temblar as\u00ed que hice lo \u00fanico que se me ocurri\u00f3 en los siguientes tres segundos, que fue realizar esta composici\u00f3n impulsivamente, tomar una foto y publicarla.<\/span><\/p><p><span style=\"font-weight: 400;\">Aquello es raro de m\u00ed, porque suelo ser de la clase de persona que se guarda las cosas y no dice nada por verg\u00fcenza y para no preocupar a nadie, pero ese d\u00eda ya no me importaba mi dignidad, ni nada m\u00e1s, as\u00ed que s\u00f3lo lo hice. Mir\u00e9 la imagen del suicidio que imaginaba cometer y me puse a llorar, no me gustaba el color rojo sobre mi piel, tampoco me gustaba la idea de estar muerta. Contuve mis impulsos autodestructivos y trat\u00e9 de hacer mis actividades como normalmente hac\u00eda, al d\u00eda siguiente a esa hora ya estaba tranquila y ni siquiera recordaba porqu\u00e9 me quer\u00eda morir horas antes.<\/span><\/p><p><span style=\"font-weight: 400;\">Pero no me pondr\u00e9 a hablar de mis cambios de \u00e1nimo o de mis episodios depresivos, prefiero hablar sobre lo qu\u00e9 pas\u00f3 despu\u00e9s con la foto. La publiqu\u00e9 en Instagram y en Facebook simult\u00e1neamente, no s\u00e9 cu\u00e1nto tiempo estuvo en esta \u00faltima, pero el d\u00eda despu\u00e9s de subirla casi a las seis de la tarde me percat\u00e9 de que se tardaban mucho en llegar las notificaciones de Messenger, de hecho parec\u00edan simples mensajes enviados al celular, lo intent\u00e9 varias veces pero no me permit\u00eda abrirlos, as\u00ed que entr\u00e9 a Facebook a ver qu\u00e9 pasaba y lo primero que vi fue un mensaje que dec\u00eda que mi publicaci\u00f3n hab\u00eda sido eliminada por infringir las normas de la comunidad, lo que me hizo pensar: &lt;&lt;ah, bueno, al parecer no puedo decir que me quiero morir&gt;&gt;<\/span><\/p><p><span style=\"font-weight: 400;\">Minutos despu\u00e9s, tras reiniciar mi sesi\u00f3n firmar las pol\u00edticas de la plataforma finalmente pude abrir Messenger y llegar tarde a mis compromisos porque me hab\u00edan censurado, claro que esa era una explicaci\u00f3n que no pod\u00eda darle a nadie. Hasta el momento la publicaci\u00f3n no ha sido eliminada todav\u00eda de mi Instagram, y aunque pens\u00e9 en eliminarla cuando se me pas\u00f3 mi episodio depresivo, decid\u00ed dejarla, creo que el no tratar de ocultar algo que sent\u00ed es negar mi propia auto censura.<\/span><\/p><p><span style=\"font-weight: 400;\">Y hablando de la censura, este es un fen\u00f3meno en el que me qued\u00e9 pensando despu\u00e9s del incidente de la foto. Comprendo que las redes sociales tienen ciertas pol\u00edticas si bien la mayor\u00eda de las personas no las leemos, o si lo hacemos las olvidamos, nos guste o no las aceptamos con el simple hecho de usar determinada red social.<\/span><\/p><p><span style=\"font-weight: 400;\">En el caso de Facebook, esta est\u00e1 programada para rechazar cualquier contenido que haga alusi\u00f3n a la automutilaci\u00f3n o al suicidio, supongo que lo hace porque no quieren que se promuevan este tipo de conductas autodestructivas, lo cual entiendo perfectamente y estoy de acuerdo con la idea. Lo que me resulta curioso es que parece que est\u00e1 programada para censurar indiscriminadamente del contenido, es decir: no est\u00e1 programada para tomar en cuenta los contextos de los contenidos publicados.<\/span><\/p><p><span style=\"font-weight: 400;\">La fotograf\u00eda la titul\u00e9: \u201cMi deseo suicida\u201d, lo cual indica que ese deseo era solo m\u00edo y de nadie m\u00e1s, en ning\u00fan momento estaba plante\u00e1ndolo como un ejemplo a seguir, hubiera sido muy diferente que el t\u00edtulo rezara algo como \u201cC\u00f3rtate\u201d o \u201cSuic\u00eddate\u201d, el espectador de la fotograf\u00eda no se ve\u00eda involucrado en ning\u00fan momento, ni a partir de la imagen ni a partir del texto escrito.<\/span><\/p><p><span style=\"font-weight: 400;\">Quiero aclarar que no escribo esto para quejarme, pues comprendo que infring\u00ed las normas de Facebook y fue esa la raz\u00f3n de que me censuraran, no tengo inter\u00e9s en tratar de mantener publicada la foto ni nada por el estilo, solo lo digo porque la programaci\u00f3n de la plataforma tiene su propio contexto, y yo por m\u00ed parte tambi\u00e9n tengo el m\u00edo.<\/span><\/p><p><span style=\"font-weight: 400;\">Creo que es obvio que cuando me sent\u00ed tan mal como para tomar una foto c\u00f3mo esa sobre lo que quer\u00eda hacer, no estaba en mis cinco sentidos, no pod\u00eda razonar adecuadamente, as\u00ed que es l\u00f3gico pensar que lo \u00faltimo que se me iba a ocurrir era la posibilidad de que se me censurara por ello.<\/span><\/p><p><span style=\"font-weight: 400;\">Esta censura me lleva a pensar en c\u00f3mo tenemos una censura general hacia el suicidio como sociedad, hacemos de este tema un tab\u00fa, y es precisamente esta actitud la que conlleva a los mismos suicidas a no solo ser censurados por lo que sienten, sino a censurarse tambi\u00e9n a s\u00ed mismos, y por ende no pedir ayuda cuando la necesitan.<\/span><\/p><p><span style=\"font-weight: 400;\">Por poner un ejemplo: no es igual de sencillo decir a la hora de la comida: \u201c\u00bfMe pasas la sal?\u201d, que pedir ayuda porque te quieres suicidar. Cuando decimos \u201c\u00bfMe pasas la sal?\u201d, a pesar de que admitimos que no la alcanzamos nosotros mismos y que necesitamos de alguien m\u00e1s, no lo vemos como motivo de verg\u00fcenza, o como que estamos molestando al otro; ni siquiera esperamos un \u201cno\u201d como respuesta, debido a que el pasar la sal en la mesa, o cualquier otra cosa cuando alguien te lo pide, se considera educaci\u00f3n b\u00e1sica, no es algo a lo que se acostumbre responder negativamente para que la otra persona alcance la sal por s\u00ed misma, ni mucho menos agredirla por no alcanzarla; sin embargo, no pasa lo mismo con el tema del suicidio.<\/span><\/p><p><span style=\"font-weight: 400;\">No consideramos como \u201ceducaci\u00f3n b\u00e1sica\u201d, el ayudar a alguien cuando pide ayuda por quererse suicidar, ni tampoco el no burlarse o agredir de alguna manera a la persona que est\u00e1 pidiendo ayuda por eso, es por esta cuesti\u00f3n (adem\u00e1s de la falta de conocimiento sobre el tema, que no es algo que todos saben del mismo modo en el que saben pasar un salero), que existe la posibilidad de obtener un \u201cno\u201d como respuesta.<\/span><\/p><p><span style=\"font-weight: 400;\">Y podr\u00edamos pensar que si una persona no te ayuda, simplemente se lo pides a alguien m\u00e1s, sin embargo, para un suicida no es tan f\u00e1cil como preguntar entre tus compa\u00f1eros de clase qui\u00e9n entendi\u00f3 la lecci\u00f3n para que le la explique, no, para un suicida pedir ayuda es aceptar su vulnerabilidad, su incapacidad para ayudarse a s\u00ed mismo o a s\u00ed misma, arriesgarse a un \u201cno\u201d como respuesta e incluso a agresiones por admitir que quiere dejar de vivir, lo que produce una gran ansiedad. Adem\u00e1s de que cuando un suicida a pesar de estos obst\u00e1culos pide ayuda, si recibe una respuesta negativa esto le afectar\u00e1 al punto de que tal vez se predisponga a no volver a pedir ayuda para no recibir ese mismo trato de nuevo.<\/span><\/p><p><span style=\"font-weight: 400;\">Si como sociedad ya de por s\u00ed tenemos una visi\u00f3n estereot\u00edpica de los suicidas, y a eso le sumamos el que no consideramos educaci\u00f3n b\u00e1sica ayudarlos cuando lo piden, e incluso nos sentimos con el derecho de atacarlos por c\u00f3mo se sienten, lo \u00fanico que estamos haciendo es contribuir a una cultura visual de censurar a los suicidas y motivarlos a ellos mismos a que se auto censuren.<\/span><\/p><p><span style=\"font-weight: 400;\">Las redes sociales son simples plataformas que siguen una programaci\u00f3n y no comprenden de contextos, pero nosotros somos seres humanos, la \u00fanica programaci\u00f3n que tenemos es la de nuestra cultura visual sobre los suicidas, es decir: la forma en la que los vemos, con todos nuestros prejuicios y estereotipos, sin embargo, no todo est\u00e1 perdido, est\u00e1 cultura visual se puede cambiar con peque\u00f1as acciones, y es mucho m\u00e1s f\u00e1cil y factible que esperar a que una plataforma como Facebook cambie sus pol\u00edticas.<\/span><\/p><p><span style=\"font-weight: 400;\">Nosotros como humanos, en comparaci\u00f3n a una simple plataforma, deber\u00edamos de ser capaces de actuar de una mejor manera ante alguien que se siente mal y quiere suicidarse, una plataforma podr\u00e1 decirle al suicida que est\u00e1 mal que comparte contenido donde solo dice que quiere morir, pero el resto de la sociedad no tendr\u00edamos porqu\u00e9 reaccionar de la misma manera. Nosotros debemos y somos capaces de ser mejores y actuar en contra de la censura de los suicidas.<\/span><\/p><p><span style=\"font-weight: 400;\">As\u00ed que he aqu\u00ed un poco de educaci\u00f3n b\u00e1sica si alguien te dice que se quiere suicidar e incluso te pide ayuda por eso: Tienes que ser consciente de que esa persona est\u00e1 haciendo un gran esfuerzo en pedirte ayuda, si no tienes tiempo para ella, probablemente no buscar\u00e1 a alguien m\u00e1s que s\u00ed lo tenga, as\u00ed que deber\u00edas ayudarle igual que si te estuviera pidiendo un salero en la mesa; no le insultes, no le hagas sentir mal, aunque no sepas mucho sobre el suicidio, simplemente trata de entender sus situaci\u00f3n y por qu\u00e9 se siente as\u00ed para que le puedas ayudar a resolverlo, pero sobre todo haz que se sienta bien abri\u00e9ndose contigo, porque mientras m\u00e1s confianza sienta en decir lo que siente y no auto censurarse, m\u00e1s posibilidades tendr\u00e1s de entenderle, y por ende de ayudarle.<\/span><\/p>\t\t\t\t\t\t\t\t<\/div>\n\t\t\t\t<\/div>\n\t\t\t\t\t<\/div>\n\t\t<\/div>\n\t\t\t\t\t<\/div>\n\t\t<\/section>\n\t\t\t\t<\/div>\n\t\t","protected":false},"excerpt":{"rendered":"<p>Ir\u00e9 directo al punto y simplemente lo dir\u00e9: la fotograf\u00eda de arriba est\u00e1 horrible, y siento de antemano que la hayas tenido que ver, pero era necesaria para explicar lo que ocurre detr\u00e1s del deseo suicida, y las motivaciones para no pedir ayuda en momentos donde se tienen ganas de hacer cosas tan horribles como [&hellip;]<\/p>\n","protected":false},"author":1,"featured_media":314,"comment_status":"open","ping_status":"open","sticky":false,"template":"","format":"standard","meta":{"om_disable_all_campaigns":false,"_monsterinsights_skip_tracking":false,"_monsterinsights_sitenote_active":false,"_monsterinsights_sitenote_note":"","_monsterinsights_sitenote_category":0,"footnotes":""},"categories":[6],"tags":[],"class_list":["post-315","post","type-post","status-publish","format-standard","has-post-thumbnail","hentry","category-como-ayudar-a-un-suicida"],"aioseo_notices":[],"_links":{"self":[{"href":"https:\/\/xn--elrincndemargi-qob.com\/index.php\/wp-json\/wp\/v2\/posts\/315","targetHints":{"allow":["GET"]}}],"collection":[{"href":"https:\/\/xn--elrincndemargi-qob.com\/index.php\/wp-json\/wp\/v2\/posts"}],"about":[{"href":"https:\/\/xn--elrincndemargi-qob.com\/index.php\/wp-json\/wp\/v2\/types\/post"}],"author":[{"embeddable":true,"href":"https:\/\/xn--elrincndemargi-qob.com\/index.php\/wp-json\/wp\/v2\/users\/1"}],"replies":[{"embeddable":true,"href":"https:\/\/xn--elrincndemargi-qob.com\/index.php\/wp-json\/wp\/v2\/comments?post=315"}],"version-history":[{"count":20,"href":"https:\/\/xn--elrincndemargi-qob.com\/index.php\/wp-json\/wp\/v2\/posts\/315\/revisions"}],"predecessor-version":[{"id":1547,"href":"https:\/\/xn--elrincndemargi-qob.com\/index.php\/wp-json\/wp\/v2\/posts\/315\/revisions\/1547"}],"wp:featuredmedia":[{"embeddable":true,"href":"https:\/\/xn--elrincndemargi-qob.com\/index.php\/wp-json\/wp\/v2\/media\/314"}],"wp:attachment":[{"href":"https:\/\/xn--elrincndemargi-qob.com\/index.php\/wp-json\/wp\/v2\/media?parent=315"}],"wp:term":[{"taxonomy":"category","embeddable":true,"href":"https:\/\/xn--elrincndemargi-qob.com\/index.php\/wp-json\/wp\/v2\/categories?post=315"},{"taxonomy":"post_tag","embeddable":true,"href":"https:\/\/xn--elrincndemargi-qob.com\/index.php\/wp-json\/wp\/v2\/tags?post=315"}],"curies":[{"name":"wp","href":"https:\/\/api.w.org\/{rel}","templated":true}]}}